{"id":6100,"date":"2010-08-03T01:27:02","date_gmt":"2010-08-02T23:27:02","guid":{"rendered":"http:\/\/www.festamaggiore.eu\/web\/?p=6100"},"modified":"2013-07-07T23:33:31","modified_gmt":"2013-07-07T21:33:31","slug":"il-maestro-antonio-volpe-tra-barocco-e-neorealismo","status":"publish","type":"post","link":"https:\/\/www.festamaggiore.eu\/web\/2010\/08\/03\/il-maestro-antonio-volpe-tra-barocco-e-neorealismo\/","title":{"rendered":"Il maestro Antonio Volpe tra Barocco e Neorealismo"},"content":{"rendered":"<p>di\u00a0<a href=\"mailto:redazione@terlizzilive.it\">Nicol\u00f2 Marino Ceci<\/a><img decoding=\"async\" alt=\"\" src=\"http:\/\/www.festamaggiore.eu\/new\/images\/stories\/volpe_base.jpg\" align=\"left\" border=\"0\" hspace=\"10\" vspace=\"10\" \/><\/p>\n<p>Nella calda serata di venerd\u00ec 30 luglio si \u00e8 rinnovato un classico e prestigioso appuntamento dell\u2019estate terlizzese: l\u2019inaugurazione della mostra personale del M\u00b0 Antonio Volpe nella caratteristica \u201cSaletta delle Esposizioni\u201d sita in Corso Vittorio Emanuele n. 5. Anche quest\u2019anno con il Patrocinio del Comune di Terlizzi \u2013 Assessorato alla Cultura.<\/p>\n<p>Il titolo della personale \u00e8 essenziale nella sua programmaticit\u00e0 \u201dtra Barocco e Neorealismo\u201d.<\/p>\n<p>Alle ore 20 si sono aperte le danze con le interessanti spiegazioni del pittore terlizzese ai convenuti.<\/p>\n<p>Nel corso della serata sono intervenuti l\u2019On. Gero Grassi \u2013 deputato del Pd e Maria Mangiatordi \u2013 assessore alle Politiche Produttive del Comune di Terlizzi.<\/p>\n<p>L\u2019On. Grassi ha voluto condividere con il pubblico i suoi ricordi di giovent\u00f9 del M\u00b0 Volpe, ricordi di affetto e stima per una figura misteriosa che tanto attirava l\u2019attenzione di curiosi ragazzi rampanti. Grassi ha proseguito commentando le tele esposte:\u201dquesti sono i colori di Terlizzi; sono colori che hanno il profumo di Terlizzi, quel profumo inconfondibile che si respirava nelle strade di questa citt\u00e0 30 anni fa. Voglio perci\u00f2 fare una riflessione ed un appello: noti pittori terlizzesi come Michele De Napoli e Domenico De Vanna non hanno avuto un rapporto felice con la propria citt\u00e0 natale. Accolgo quindi con piacere l\u2019aspirazione del M\u00b0 Volpe: ottenere una sala della Pinacoteca \u201cDe Napoli\u201d nella quale potranno essere esposti i suoi pi\u00f9 bei dipinti &#8211; ch\u2019egli doner\u00e0 alla citt\u00e0. Penso che Terlizzi debba in tal modo omaggiare una grande personalit\u00e0 che si \u00e8 sempre distinta per carisma e personalit\u00e0, dando lustro alla nostra cittadina. Approfitto per annunciare che oggi la Camera dei Deputati ha stanziato il contributo di 50 mila euro per la realizzazione \u2013 promossa da un\u2019Associazione locale \u2013 di una scultura dedicata a Don Pietro Pappagallo e Gioacchino Gesmundo. L\u2019auspicio \u00e8 che in futuro anche il M\u00b0 Volpe possa essere ricordato con un monumento, non per celebrarne la fisicit\u00e0 ma anzi le lodevoli gesta che continuano a stupirci nonostante gli 86 anni di et\u00e0. La ringrazio a nome della citt\u00e0 per tutto ci\u00f2 che ha fatto e che ancora far\u00e0.\u201d<\/p>\n<p>La parola \u00e8 quindi passata all\u2019assessore Mangiatordi che ha esordito:\u201di soggetti di queste tele riguardano le deleghe del mio assessorato: i fiori, i contadini. E\u2019 un omaggio alla terra, a Terlizzi, alle nostre radici. C\u2019\u00e8 un quadro in particolare che mi ha colpito: quello in cui si parla di immigrazione. Esso rappresenta infatti la nostra incapacit\u00e0 di acco<\/p>\n<p>glienza e di esprimere solidariet\u00e0 verso il prossimo. Quel quadro richiama una serie di valori su cui dovremmo riflettere seriamente.\u201d<\/p>\n<p>E ha continuato:\u201dper quanto riguarda la Pinacoteca \u201cDe Napoli\u201d- differentemente dal De Napoli, che ha dovuto attendere 150 anni per poter tornare a casa sua \u2013 ci auguriamo di esser pi\u00f9 corretti con il M\u00b0 Antonio Volpe. Le auguro di poter vivere altri 100 anni a produrre tante altre opere.\u201d<\/p>\n<p>Ha infine concluso il pittore Volpe che, con un curioso papillon bordeaux e con voce sottile ma decisa, ha statuito fiero:\u201dsono onorato della vostra presenza qui stasera, che mi spinge a lavorare di pi\u00f9 e a lavorare meglio. Grazie a tutti\u201d.<\/p>\n<p>La mostra \u2013 costituita dall\u2019esposizione di pi\u00f9 di 20 dipinti realizzati con la tecnica dell\u2019olio su tela &#8211; sar\u00e0 visitabile fino al 31 agosto.<\/p>\n<p><b>Le foto sono a cura di Graziano La Tegola<\/b><\/p>\n<p>da &#8220;Terlizzilive.it&#8221; &#8211; 02 Agosto 2010<\/p>\n<p>[gdl_gallery title=&#8221;volpe_2010&#8243; width=&#8221;130&#8243; height=&#8221;120&#8243;]<\/p>\n","protected":false},"excerpt":{"rendered":"<p>di\u00a0Nicol\u00f2 Marino Ceci Nella calda serata di venerd\u00ec 30 luglio si \u00e8 rinnovato un classico e prestigioso appuntamento dell\u2019estate terlizzese: l\u2019inaugurazione della mostra personale del M\u00b0 Antonio Volpe nella caratteristica \u201cSaletta delle Esposizioni\u201d sita in Corso Vittorio Emanuele n. 5. Anche quest\u2019anno con il Patrocinio del Comune di Terlizzi \u2013 Assessorato alla Cultura. Il titolo &hellip;<\/p>\n<p class=\"read-more\"> <a class=\"\" href=\"https:\/\/www.festamaggiore.eu\/web\/2010\/08\/03\/il-maestro-antonio-volpe-tra-barocco-e-neorealismo\/\"> <span class=\"screen-reader-text\">Il maestro Antonio Volpe tra Barocco e Neorealismo<\/span> Leggi altro &raquo;<\/a><\/p>\n","protected":false},"author":362,"featured_media":0,"comment_status":"open","ping_status":"open","sticky":false,"template":"","format":"standard","meta":{"site-sidebar-layout":"default","site-content-layout":"default","ast-global-header-display":"","ast-main-header-display":"","ast-hfb-above-header-display":"","ast-hfb-below-header-display":"","ast-hfb-mobile-header-display":"","site-post-title":"","ast-breadcrumbs-content":"","ast-featured-img":"","footer-sml-layout":"","theme-transparent-header-meta":"","adv-header-id-meta":"","stick-header-meta":"","header-above-stick-meta":"","header-main-stick-meta":"","header-below-stick-meta":"","ngg_post_thumbnail":0},"categories":[58,54],"tags":[],"_links":{"self":[{"href":"https:\/\/www.festamaggiore.eu\/web\/wp-json\/wp\/v2\/posts\/6100"}],"collection":[{"href":"https:\/\/www.festamaggiore.eu\/web\/wp-json\/wp\/v2\/posts"}],"about":[{"href":"https:\/\/www.festamaggiore.eu\/web\/wp-json\/wp\/v2\/types\/post"}],"author":[{"embeddable":true,"href":"https:\/\/www.festamaggiore.eu\/web\/wp-json\/wp\/v2\/users\/362"}],"replies":[{"embeddable":true,"href":"https:\/\/www.festamaggiore.eu\/web\/wp-json\/wp\/v2\/comments?post=6100"}],"version-history":[{"count":3,"href":"https:\/\/www.festamaggiore.eu\/web\/wp-json\/wp\/v2\/posts\/6100\/revisions"}],"predecessor-version":[{"id":7828,"href":"https:\/\/www.festamaggiore.eu\/web\/wp-json\/wp\/v2\/posts\/6100\/revisions\/7828"}],"wp:attachment":[{"href":"https:\/\/www.festamaggiore.eu\/web\/wp-json\/wp\/v2\/media?parent=6100"}],"wp:term":[{"taxonomy":"category","embeddable":true,"href":"https:\/\/www.festamaggiore.eu\/web\/wp-json\/wp\/v2\/categories?post=6100"},{"taxonomy":"post_tag","embeddable":true,"href":"https:\/\/www.festamaggiore.eu\/web\/wp-json\/wp\/v2\/tags?post=6100"}],"curies":[{"name":"wp","href":"https:\/\/api.w.org\/{rel}","templated":true}]}}