{"id":6102,"date":"2010-08-04T01:28:12","date_gmt":"2010-08-03T23:28:12","guid":{"rendered":"http:\/\/www.festamaggiore.eu\/web\/?p=6102"},"modified":"2013-06-30T01:28:53","modified_gmt":"2013-06-29T23:28:53","slug":"marzulli-ce-bisogno-di-gente-nuova-che-si-impegni-per-il-paese","status":"publish","type":"post","link":"https:\/\/www.festamaggiore.eu\/web\/2010\/08\/04\/marzulli-ce-bisogno-di-gente-nuova-che-si-impegni-per-il-paese\/","title":{"rendered":"Marzulli: \u201dc\u2019\u00e8 bisogno di gente nuova che si impegni per il paese.\u201d"},"content":{"rendered":"<p>Gli obiettivi del Presidente dell\u2019Associazione Festa Maggiore Terlizzi.<\/p>\n<p><i>Di Nicol\u00f2 Marino Ceci<\/i><\/p>\n<p>&nbsp;<\/p>\n<p>\u201cL\u2019associazione \u201cFesta Maggiore Terlizzi\u201d nasce nel 2009 grazie all\u2019impulso di un gruppo di amici che dalle ceneri del comitato Feste Patronali del 2008 hanno deciso di far sorgere come un\u2019araba fenice un ambizioso progetto. Oggi non si inaugura solo una nuova sede ma un nuovo cantiere aperto a tutti i terlizzesi che abbiano voglia di Festa Maggiore. L\u2019obiettivo \u00e8 che tale festa possa essere La Festa di tutti i terlizzesi\u201d.<\/p>\n<p>Cos\u00ec Francesco Marzulli \u2013 Presidente dell\u2019\u201dAssociazione Festa Maggiore Terlizzi\u201d ha cominciato a parlare del suo progetto da condividere.<\/p>\n<p><b>Un commento sull\u2019inaugurazione della nuova sede, sita in Corso Dante n. 32.<\/b><\/p>\n<p>&nbsp;<\/p>\n<hr \/>\n<p>Siamo molto soddisfatti per aver registrato la presenza di tante persone ma soprattutto di esponenti politici di maggioranza e opposizione, ma anche di figure illustri della cultura terlizzese e di sacerdoti storici della nostra citt\u00e0 \u2013 come Don Gaetano Valente.<\/p>\n<p><b>Qual \u00e8 il messaggio che promana da quest\u2019evento e da tale associazione?<\/b><\/p>\n<p>A Terlizzi si pu\u00f2 fare associazionismo in maniera spontanea, senza esser necessariamente legati ad uno schieramento politico.<\/p>\n<p><b>Don Gaetano Valente ha spronato l\u2019Associazione a costituire un archivio documentale della festa.<\/b><\/p>\n<p>Il nostro compito principale \u00e8 la promozione e valorizzazione della festa oltre le mura cittadine e questo si fa anche attraverso il recupero della memoria storica della festa stessa: questo \u00e8 certamente uno dei compiti. Don Gaetano \u00e8 una personalit\u00e0 insigne e sono onorato che una persona emerita come lui possa considerare emerito il nostro progetto.<\/p>\n<p><b>Don Michele Cipriani ha affermato:\u201dattenti a non fare solo marketing\u201d.<\/b><\/p>\n<p>Non si pu\u00f2 fare una buona promozione della Festa senza conoscerne a fondo peculiarit\u00e0, aspetti, caratteristiche. La Festa \u00e8 meravigliosa proprio perch\u00e9 rappresenta un patrimonio di storia e arte \u2013 infatti il primo carro Trionfale fu disegnato da Michele De Napoli &#8211; inestimabile per Terlizzi.<\/p>\n<p><b>Avete gi\u00e0 realizzato alcune iniziative?<\/b><\/p>\n<p>Ce ne sono alcune gi\u00e0 ufficializzate e altre che non sono ancora ufficiali. L\u2019iniziativa pi\u00f9 importante che avevamo pensato \u00e8 rimasta purtroppo bloccata sul nascere. Dopo apposite ed attente indagini realizzate da esperti sullo stato \u2013 precario &#8211; del carro, avevamo pensato di restaurare l\u2019intera macchina da festa. Iniziando per\u00f2 dagli esterni \u2013 cio\u00e8 l\u2019apparato iconografico del carro &#8211; e dalla ristrutturazione del locale dove sono accatastati tutti i suoi pezzi.<\/p>\n<p><b>Quanto sarebbe costata quest\u2019operazione?<\/b><\/p>\n<p>Circa 40 mila euro, che avremmo raccolto grazie a libere donazioni dei privati: l\u2019intero costo sarebbe gravato unicamente ed esclusivamente sulla nostra associazione. Al Comune di Terlizzi non abbiamo chiesto alcun finanziamento, ma solo l\u2019autorizzazione di poter operare sul carro \u2013 che \u00e8 di propriet\u00e0 del Comune di Terlizzi.<\/p>\n<p><b>Avevate coinvolto altri soggetti in questo ambizioso progetto?<\/b><\/p>\n<p>Avremmo coinvolto l\u2019Istituto Statale d\u2019Arte di Corato e un\u2019azienda di colorazioni biocompatibili che ci avrebbe offerto gratuitamente tutti i prodotti in cambio di una semplice reclame.<\/p>\n<p><b>E come mai il progetto non \u00e8 andato in porto?<\/b><\/p>\n<p>Devi porre a qualcun altro questa domanda: siamo stati fermati. Ma non ci siamo arresi e allora abbiamo deciso di manutenzionare solo le ruote anteriori del carro. Anche qui l\u2019operazione non sarebbe costata nulla all\u2019Amministrazione. Avremmo provveduto integralmente noi alle spese; ma anche qui un problema: non abbiamo avuto l\u2019autorizzazione dal Comune.<\/p>\n<p><b>Perch\u00e9 tutti questi vincoli?<\/b><\/p>\n<p>Posso solo dedurre che a Terlizzi c\u2019\u00e8 una rete fittissima in cui qualsiasi cosa che non c\u2019entra niente con la politica, viene bloccata dalla politica stessa.<\/p>\n<p><b>Cosa pensa quindi della Festa di Terlizzi?<\/b><\/p>\n<p>Noi soci dell\u2019associazione non abbiamo alcun interesse di tipo economico e personale nella gestione dell\u2019evento festa, ma grazie alle nostre diverse esperienze riconosciamo una certa mancanza di progettualit\u00e0 di ampio respiro nella gestione di questa festa. un volano per la citt\u00e0.<\/p>\n<p>Io personalmente per lavoro sto avendo la fortuna di conoscere nuovi contesti come la Toscana e la Versilia: qui le associazioni locali fanno sistema e realizzano una mirabile ed organica promozione del territorio. L\u2019auspicio \u00e8 quindi che anche a Terlizzi si riesca tutti a far sistema per poter promuovere la nostra Festa Maggiore.<\/p>\n<p><b>Lanci un messaggio ai cittadini.<\/b><\/p>\n<p>Proponete iniziative all\u2019associazione \u201cFesta Maggiore Terlizzi\u201d affinch\u00e9 possa crearsi intorno all\u2019evento festa un circuito di valorizzazione dell\u2019intera citt\u00e0 e del nostro territorio. Accettiamo e apprezziamo il contributo di tutti coloro che si proporranno e che ci proporranno!<\/p>\n<p><b>Per concludere?<\/b><\/p>\n<p>Crediamo che ci sia bisogno di una nuova generazione di persone che contribuiscano a dare qualcosa a questo paese, piuttosto che limitarsi solo ad attingervi e a prendervi qualcosa.<\/p>\n<p>&nbsp;<\/p>\n<p>da &#8220;Il confronto delle Idee&#8221; &#8211; mese Agosto 2010<\/p>\n","protected":false},"excerpt":{"rendered":"<p>Gli obiettivi del Presidente dell\u2019Associazione Festa Maggiore Terlizzi. Di Nicol\u00f2 Marino Ceci &nbsp; \u201cL\u2019associazione \u201cFesta Maggiore Terlizzi\u201d nasce nel 2009 grazie all\u2019impulso di un gruppo di amici che dalle ceneri del comitato Feste Patronali del 2008 hanno deciso di far sorgere come un\u2019araba fenice un ambizioso progetto. Oggi non si inaugura solo una nuova sede &hellip;<\/p>\n<p class=\"read-more\"> <a class=\"\" href=\"https:\/\/www.festamaggiore.eu\/web\/2010\/08\/04\/marzulli-ce-bisogno-di-gente-nuova-che-si-impegni-per-il-paese\/\"> <span class=\"screen-reader-text\">Marzulli: \u201dc\u2019\u00e8 bisogno di gente nuova che si impegni per il paese.\u201d<\/span> Leggi altro &raquo;<\/a><\/p>\n","protected":false},"author":362,"featured_media":0,"comment_status":"open","ping_status":"open","sticky":false,"template":"","format":"standard","meta":{"site-sidebar-layout":"default","site-content-layout":"default","ast-global-header-display":"","ast-main-header-display":"","ast-hfb-above-header-display":"","ast-hfb-below-header-display":"","ast-hfb-mobile-header-display":"","site-post-title":"","ast-breadcrumbs-content":"","ast-featured-img":"","footer-sml-layout":"","theme-transparent-header-meta":"","adv-header-id-meta":"","stick-header-meta":"","header-above-stick-meta":"","header-main-stick-meta":"","header-below-stick-meta":"","ngg_post_thumbnail":0},"categories":[58,54],"tags":[],"_links":{"self":[{"href":"https:\/\/www.festamaggiore.eu\/web\/wp-json\/wp\/v2\/posts\/6102"}],"collection":[{"href":"https:\/\/www.festamaggiore.eu\/web\/wp-json\/wp\/v2\/posts"}],"about":[{"href":"https:\/\/www.festamaggiore.eu\/web\/wp-json\/wp\/v2\/types\/post"}],"author":[{"embeddable":true,"href":"https:\/\/www.festamaggiore.eu\/web\/wp-json\/wp\/v2\/users\/362"}],"replies":[{"embeddable":true,"href":"https:\/\/www.festamaggiore.eu\/web\/wp-json\/wp\/v2\/comments?post=6102"}],"version-history":[{"count":1,"href":"https:\/\/www.festamaggiore.eu\/web\/wp-json\/wp\/v2\/posts\/6102\/revisions"}],"predecessor-version":[{"id":6103,"href":"https:\/\/www.festamaggiore.eu\/web\/wp-json\/wp\/v2\/posts\/6102\/revisions\/6103"}],"wp:attachment":[{"href":"https:\/\/www.festamaggiore.eu\/web\/wp-json\/wp\/v2\/media?parent=6102"}],"wp:term":[{"taxonomy":"category","embeddable":true,"href":"https:\/\/www.festamaggiore.eu\/web\/wp-json\/wp\/v2\/categories?post=6102"},{"taxonomy":"post_tag","embeddable":true,"href":"https:\/\/www.festamaggiore.eu\/web\/wp-json\/wp\/v2\/tags?post=6102"}],"curies":[{"name":"wp","href":"https:\/\/api.w.org\/{rel}","templated":true}]}}