{"id":6104,"date":"2010-08-04T01:29:12","date_gmt":"2010-08-03T23:29:12","guid":{"rendered":"http:\/\/www.festamaggiore.eu\/web\/?p=6104"},"modified":"2013-06-30T01:30:03","modified_gmt":"2013-06-29T23:30:03","slug":"inaugurata-la-nuova-sede-dellassociazione-festa-maggiore-terlizzi","status":"publish","type":"post","link":"https:\/\/www.festamaggiore.eu\/web\/2010\/08\/04\/inaugurata-la-nuova-sede-dellassociazione-festa-maggiore-terlizzi\/","title":{"rendered":"Inaugurata la nuova sede dell&#8217;Associazione &#8220;Festa Maggiore Terlizzi&#8221;."},"content":{"rendered":"<p>Tutto l\u2019anno si studia la Festa Patronale, in Corso Dante n. 32.<\/p>\n<p><i>di Nicol\u00f2 Marino Ceci<\/i><\/p>\n<p>&nbsp;<\/p>\n<p>&nbsp;<\/p>\n<p>Il 19 giugno scorso si \u00e8 svolta la cerimonia di inaugurazione della nuova sede &#8211; in Corso Dante n. 32 &#8211; dell&#8217;Associazione &#8220;Festa Maggiore Terlizzi&#8221;.<\/p>\n<p>Nel corso della serata si sono susseguiti prestigiosi relatori quali Don Franco Vitagliano, Don Michele Cipriani, Don Pasquale De Palma, Don Gaetano Valente, oltre a Sandro Mangiatordi &#8211; Vice Presidente<\/p>\n<p>e a Francesco Marzulli &#8211; Presidente della neonata associazione.<\/p>\n<p>Sono stati presenti esponenti politici di maggioranza ed opposizione ma anche illustre personalit\u00e0 della cultura terlizzese come Maria Teresa De Scisciolo &#8211; Direttrice de &#8220;il Confronto<\/p>\n<p>delle Idee&#8221;, Maria Bonaduce &#8211; Coordinatrice artistica della galleria &#8220;Adsum Artecontemporanea&#8221;, Luigi Dello Russo &#8211; Presidente dell&#8217;Associazione Sovero, Giacomo Gesmundo &#8211; scultore e neo<\/p>\n<p>Cavaliere del lavoro.<\/p>\n<p>Gli interventi sono stati preceduti dalla solenne benedizione di Don Franco Vitagliano &#8211; Sacerdote della Concattedrale di Terlizzi.<\/p>\n<p>Subito dopo la benedizione Don Franco ha porto gioiosi ed entusiasti auguri di un proficuo lavoro all&#8217;Associazione.<\/p>\n<p>Ha quindi proseguito Mangiatordi che ha sottolineato come questa nuova associazione &#8220;\u00e8 nata con un unico obiettivo, cio\u00e8 quello di rivalutare e promuovere la Festa Maggiore di terlizzi.<\/p>\n<p>A fondarla \u00e8 stato un gruppo di amici che avevano gi\u00f2 maturato una ricca esperienza nel Comitato feste Patronali del 2008 e che vogliono adesso condividerla e metterla a disposizione<\/p>\n<p>di tutti i terlizzesi.&#8221; E ha dunque continuato:&#8221;cerchiamo il contributo di quanti pi\u00f9 terlizzesi possibili che abbiano le idee e la voglia di promuovere la Festa e il grande Carro Trionfale:<\/p>\n<p>siamo infatti fermamente convinti che sia il carro che questo momento di festa rappresentino per Terlizzi una duplice opportunit\u00e0: recuperare le nostre gloriose radici storiche<\/p>\n<p>ma anche essere un volano di sviluppo per la nostra citt\u00e0.&#8221;<\/p>\n<p>E&#8217; stata quindi la volta di Don Gaetano Valente che ha esordito:&#8221;finalmente \u00e8 nata un&#8217;associazione che persegue lo scopo di promuovere la Festa Maggiore. C&#8217;\u00e8 oggi una progressiva ed inarrestabile<\/p>\n<p>dispersione della memoria: questa associazione ha quindi la possibilit\u00e0 di poter iniziare a recuperare la memoria storica di questa citt\u00e0. Bisogna costituire un archivio documentario di<\/p>\n<p>questo evento e preservarlo per coloro che verranno. Bisogna recuperare la storia di questa citt\u00e0 e le sue radici; credo quindi che questo sia un progetto emerito e ammirevole. Buon lavoro!&#8221;<\/p>\n<p>La parola \u00e8 quindi passata a Don Michele Cipriani che ha immediatamente ammonito:&#8221;siate attenti a non fare solo marketing, ma cercate di recuperare le radici storiche e religiose di questa<\/p>\n<p>Festa. E&#8217; importante capire che questa Festa non sia solo folklore ma anzi sia il frutto di tradizioni religiose e popolari proprie dei terlizzesi. La Festa deve quindi essere un momento di<\/p>\n<p>riflessione storica per questa citt\u00e0 e per tutti i terlizzesi. ben venga quindi quest&#8217;associazione, alla quale suggerisco di collaborare con tutte le realt\u00e0 associative locali<\/p>\n<p>per poter cos\u00ec crescere tutti insieme&#8221;.<\/p>\n<p>Don Pasquale De Palma ha sottolineato come Terlizzi sia caratteristica per la sua &#8220;libido delendi&#8221;, cio\u00e8 &#8220;per una caratteristica tutta sua di distruggere tutto, anche la memoria. E&#8217; quindi molto<\/p>\n<p>positivo che sia nato questo progetto per cercare di costruire. Coinvolgete tutti i terlizzesi: sentite la Festa come un meraviglioso patrimonio di storia e cultura&#8221;.<\/p>\n<p>E&#8217; stata la volta del Presidente Francesco Marzulli che ha cos\u00ec concluso:&#8221;stiamo facendo tutto il possibile per portare un contributo propositivo alla Festa. per motivi di lavoro<\/p>\n<p>sto avendo modo di conoscere bellissime realt\u00e0 della Toscana dove ho ammirato lo spirito collaborativo che porta, anche nei comuni pi\u00f9 piccoli tante associazioni locali a lavorare<\/p>\n<p>insieme per creare in tal modo un circuito turistico robusto e organicamente organizzato di promozione del proprio territorio. E&#8217; incredibile notare come piccoli comuni riescano<\/p>\n<p>a distinguersi e a farsi conoscere grazie a gustose tradizioni di paese e momenti di festa, che vi assicuro, sono ben poco rispetto alla nostra Festa e al nostro Carro trionfale.<\/p>\n<p>la nostra macchina da festa \u00e8 infatti probabilmente una delle pi\u00f9 belle dell&#8217;intero meridione e forse anche della nostra penisola. Ci\u00f2 che noi volgiamo fare a Terlizzi \u00e8 esattamente questo:<\/p>\n<p>lavorare in concerto con tutte le realt\u00e0 culturali, artistiche e pi\u00f9 in genere associative per poter &#8220;esportare&#8221; gioiosamente questa nostra tradizione.<\/p>\n<p>Nel far ci\u00f2 chiediamo ovviamente il contributo di quanti pi\u00f9 terlizzesi possibili. Le potenzialit\u00e0 che abbiamo sul territorio sono di inestimabile valore. Vogliamo che vengano fuori<\/p>\n<p>e che possano esplodere in tutta la loro forza e creativit\u00e0. Auguri!&#8221;<\/p>\n<p>&nbsp;<\/p>\n<p>da &#8220;il Confronto delle Idee&#8221; &#8211; mese Agosto 2010<\/p>\n","protected":false},"excerpt":{"rendered":"<p>Tutto l\u2019anno si studia la Festa Patronale, in Corso Dante n. 32. di Nicol\u00f2 Marino Ceci &nbsp; &nbsp; Il 19 giugno scorso si \u00e8 svolta la cerimonia di inaugurazione della nuova sede &#8211; in Corso Dante n. 32 &#8211; dell&#8217;Associazione &#8220;Festa Maggiore Terlizzi&#8221;. Nel corso della serata si sono susseguiti prestigiosi relatori quali Don Franco &hellip;<\/p>\n<p class=\"read-more\"> <a class=\"\" href=\"https:\/\/www.festamaggiore.eu\/web\/2010\/08\/04\/inaugurata-la-nuova-sede-dellassociazione-festa-maggiore-terlizzi\/\"> <span class=\"screen-reader-text\">Inaugurata la nuova sede dell&#8217;Associazione &#8220;Festa Maggiore Terlizzi&#8221;.<\/span> Leggi altro &raquo;<\/a><\/p>\n","protected":false},"author":362,"featured_media":0,"comment_status":"open","ping_status":"open","sticky":false,"template":"","format":"standard","meta":{"site-sidebar-layout":"default","site-content-layout":"default","ast-global-header-display":"","ast-main-header-display":"","ast-hfb-above-header-display":"","ast-hfb-below-header-display":"","ast-hfb-mobile-header-display":"","site-post-title":"","ast-breadcrumbs-content":"","ast-featured-img":"","footer-sml-layout":"","theme-transparent-header-meta":"","adv-header-id-meta":"","stick-header-meta":"","header-above-stick-meta":"","header-main-stick-meta":"","header-below-stick-meta":"","ngg_post_thumbnail":0},"categories":[58,54],"tags":[],"_links":{"self":[{"href":"https:\/\/www.festamaggiore.eu\/web\/wp-json\/wp\/v2\/posts\/6104"}],"collection":[{"href":"https:\/\/www.festamaggiore.eu\/web\/wp-json\/wp\/v2\/posts"}],"about":[{"href":"https:\/\/www.festamaggiore.eu\/web\/wp-json\/wp\/v2\/types\/post"}],"author":[{"embeddable":true,"href":"https:\/\/www.festamaggiore.eu\/web\/wp-json\/wp\/v2\/users\/362"}],"replies":[{"embeddable":true,"href":"https:\/\/www.festamaggiore.eu\/web\/wp-json\/wp\/v2\/comments?post=6104"}],"version-history":[{"count":1,"href":"https:\/\/www.festamaggiore.eu\/web\/wp-json\/wp\/v2\/posts\/6104\/revisions"}],"predecessor-version":[{"id":6105,"href":"https:\/\/www.festamaggiore.eu\/web\/wp-json\/wp\/v2\/posts\/6104\/revisions\/6105"}],"wp:attachment":[{"href":"https:\/\/www.festamaggiore.eu\/web\/wp-json\/wp\/v2\/media?parent=6104"}],"wp:term":[{"taxonomy":"category","embeddable":true,"href":"https:\/\/www.festamaggiore.eu\/web\/wp-json\/wp\/v2\/categories?post=6104"},{"taxonomy":"post_tag","embeddable":true,"href":"https:\/\/www.festamaggiore.eu\/web\/wp-json\/wp\/v2\/tags?post=6104"}],"curies":[{"name":"wp","href":"https:\/\/api.w.org\/{rel}","templated":true}]}}