{"id":6114,"date":"2010-08-08T01:34:23","date_gmt":"2010-08-07T23:34:23","guid":{"rendered":"http:\/\/www.festamaggiore.eu\/web\/?p=6114"},"modified":"2013-06-30T01:35:06","modified_gmt":"2013-06-29T23:35:06","slug":"oggi-si-inaugura-la-mostra-la-fede-in-festa","status":"publish","type":"post","link":"https:\/\/www.festamaggiore.eu\/web\/2010\/08\/08\/oggi-si-inaugura-la-mostra-la-fede-in-festa\/","title":{"rendered":"Oggi si inaugura la mostra &#8220;La Fede in Festa&#8221;"},"content":{"rendered":"<p>Nella sede dell&#8217;Associazione &#8220;Festa Maggiore Terlizzi&#8221;, in Corso Dante 32<\/p>\n<p>di\u00a0<a href=\"mailto:redazione@terlizzilive.it\">Nicol\u00f2 Marino Ceci<\/a><\/p>\n<p>Oggi finalmente \u00e8 giunta la tanto suggestiva domenica della festa. E&#8217; il momento pi\u00f9 atteso da tutti i terlizzesi: il corteo trionfale del maestoso e luminoso carro per le vie della citt\u00e0.<\/p>\n<p>Nel fragore di folle festanti e di bambini entusiasti, la grande macchina da festa sfila con l&#8217;icona della Vergine di Sovereto. Per omaggiare questo evento denso di storia e tradizioni<br \/>\nl&#8217;Associazione &#8220;Festa Maggiore Terlizzi&#8221; ha deciso di inaugurare la mostra &#8220;La Fede in Festa &#8211; scatti fotografici della Festa pi\u00f9 bella di tutti i terlizzesi&#8221;.<\/p>\n<p>Si tratta di un&#8217;antologia fotografica della Festa in onore alla Vergine di Sovereto che l&#8217;artista Giacomo Angarano ha voluto allestire per ricordare com&#8217;era la Festa e come \u00e8 oggi.<\/p>\n<p>Quasi 50 fotografie &#8211; a colori e in bianco e nero &#8211; collegate tra loro dal sottile filo rosso della storia. Angarano, artista a tutto tondo &#8211; musicista e pittore &#8211; \u00e8 uno studioso di storia dell&#8217;arte e dell&#8217;opera di Michele De Napoli.<\/p>\n<p><b>Angarano, cosa racconta la rassegna &#8220;la Fede in Festa&#8221;?<br \/>\n<\/b>Gli scatti immortalano la Festa della Madonna di Sovereto nei suoi due momenti salienti: la Festa che si svolge dal 16 al 23 aprile e la festa che si tiene in Agosto &#8211; pi\u00f9 comunemente conosciuta come Festa Maggiore. la inauguriamo oggi per rendere onore alla Madonna e per condividere con i concittadini che lo vorranno l&#8217;alito del passato religioso terlizzese.<\/p>\n<p>&nbsp;<\/p>\n<hr id=\"system-readmore\" \/>\n<p>&nbsp;<\/p>\n<p><b>Chi sono gli autori delle fotografie in esposizione?<br \/>\n<\/b>I terlizzesi: tra le foto della Festa che gli utenti hanno inviato alla redazione del sito della nostra associazione &#8220;www.festamaggiore.eu&#8221; &#8211; si trattava di oltre 300 fotografie &#8211; ho selezionato circa 30 scatti. 30 scatti di semplici ed appassionati amatori.<\/p>\n<p><b>Qual \u00e8 la particolarit\u00e0 di queste foto?<br \/>\n<\/b>La particolarit\u00e0 \u00e8 duplice, in quanto si tratta innanzitutto di foto realizzate con l&#8217;occhio spontaneo e primigenio di un romantico amatore: le foto rappresentanto esattamente come i terlizzesi vedono la nostra Festa. La seconda peculiarit\u00e0 \u00e8 chela stragrande maggioranza delle foto ricevute dalla redazione sono state scattate al Carro Trionfale. Questo significa che nell&#8217;immaginario popolare terlizzese l&#8217;idea di festa \u00e8 indissolubilmente legata al Carro illuminato e trionfante.<\/p>\n<p><b>Qual \u00e8 la foto pi\u00f9 bella?<br \/>\n<\/b>E&#8217; difficile scegliere. Mi piace molto la foto della famiglia Paparella che porta in trionfo per le strade di Little Italy di New York un piccolo Carro Trionfale. Risale al 1930. Ci sono inoltre due foto che siamo riusciti a carpire da un filmato del 1940 dell&#8217;Istituto Luce sul nostro Carro, andato in onda su Rai3 nell&#8217;ambito del programma &#8220;La Grande Storia&#8221;.<br \/>\nSono anfine molto belle le fotografie donate all&#8217;Associazione da Foto Studio 57 e Studio Immagine &#8211; che ringraziamo unitamente a Cristoforo Leonessa che, pur non avendo partecipato si \u00e8 dichiarato disponibile in futuro.<\/p>\n<p><b>Quando si chiuder\u00e0 questa rassegna?<br \/>\n<\/b>Dopo aver consultato in merito gli altri soci dell&#8217;associazione abbiamo deciso di rendere questa rassegna permanente. Ma con una particolarit\u00e0: sar\u00e0 un conituno work in progress in quanto all&#8217;attuale esposizione si aggiungeranno nuove fotografie di tanti altri terlizzesi. L&#8217;obiettivo \u00e8 creare una mostra fotografica sulla festa che sia quanto pi\u00f9 possibile completa e ricca di ricordi, sguardi e tradizioni terlizzesi. Contiamo sul contributo di quanti pi\u00f9 concittadini possibili: inviate i vostri scatti pi\u00f9 belli al sito www.festamaggiore.eu .<\/p>\n<p>La rassegna si inaugura alle ore 20 e sar\u00e0 possibile visitarla ogni giorno dalle ore 20 alle 22.<\/p>\n<p>&nbsp;<\/p>\n<p>da &#8220;Terlizzilive&#8221; &#8211; 8 agosto 2010.<\/p>\n","protected":false},"excerpt":{"rendered":"<p>Nella sede dell&#8217;Associazione &#8220;Festa Maggiore Terlizzi&#8221;, in Corso Dante 32 di\u00a0Nicol\u00f2 Marino Ceci Oggi finalmente \u00e8 giunta la tanto suggestiva domenica della festa. E&#8217; il momento pi\u00f9 atteso da tutti i terlizzesi: il corteo trionfale del maestoso e luminoso carro per le vie della citt\u00e0. Nel fragore di folle festanti e di bambini entusiasti, la &hellip;<\/p>\n<p class=\"read-more\"> <a class=\"\" href=\"https:\/\/www.festamaggiore.eu\/web\/2010\/08\/08\/oggi-si-inaugura-la-mostra-la-fede-in-festa\/\"> <span class=\"screen-reader-text\">Oggi si inaugura la mostra &#8220;La Fede in Festa&#8221;<\/span> Leggi altro &raquo;<\/a><\/p>\n","protected":false},"author":362,"featured_media":0,"comment_status":"open","ping_status":"open","sticky":false,"template":"","format":"standard","meta":{"site-sidebar-layout":"default","site-content-layout":"default","ast-global-header-display":"","ast-main-header-display":"","ast-hfb-above-header-display":"","ast-hfb-below-header-display":"","ast-hfb-mobile-header-display":"","site-post-title":"","ast-breadcrumbs-content":"","ast-featured-img":"","footer-sml-layout":"","theme-transparent-header-meta":"","adv-header-id-meta":"","stick-header-meta":"","header-above-stick-meta":"","header-main-stick-meta":"","header-below-stick-meta":"","ngg_post_thumbnail":0},"categories":[58,54],"tags":[],"_links":{"self":[{"href":"https:\/\/www.festamaggiore.eu\/web\/wp-json\/wp\/v2\/posts\/6114"}],"collection":[{"href":"https:\/\/www.festamaggiore.eu\/web\/wp-json\/wp\/v2\/posts"}],"about":[{"href":"https:\/\/www.festamaggiore.eu\/web\/wp-json\/wp\/v2\/types\/post"}],"author":[{"embeddable":true,"href":"https:\/\/www.festamaggiore.eu\/web\/wp-json\/wp\/v2\/users\/362"}],"replies":[{"embeddable":true,"href":"https:\/\/www.festamaggiore.eu\/web\/wp-json\/wp\/v2\/comments?post=6114"}],"version-history":[{"count":1,"href":"https:\/\/www.festamaggiore.eu\/web\/wp-json\/wp\/v2\/posts\/6114\/revisions"}],"predecessor-version":[{"id":6115,"href":"https:\/\/www.festamaggiore.eu\/web\/wp-json\/wp\/v2\/posts\/6114\/revisions\/6115"}],"wp:attachment":[{"href":"https:\/\/www.festamaggiore.eu\/web\/wp-json\/wp\/v2\/media?parent=6114"}],"wp:term":[{"taxonomy":"category","embeddable":true,"href":"https:\/\/www.festamaggiore.eu\/web\/wp-json\/wp\/v2\/categories?post=6114"},{"taxonomy":"post_tag","embeddable":true,"href":"https:\/\/www.festamaggiore.eu\/web\/wp-json\/wp\/v2\/tags?post=6114"}],"curies":[{"name":"wp","href":"https:\/\/api.w.org\/{rel}","templated":true}]}}