{"id":6129,"date":"2010-10-01T21:34:15","date_gmt":"2010-10-01T19:34:15","guid":{"rendered":"http:\/\/www.festamaggiore.eu\/web\/?p=6129"},"modified":"2013-07-11T23:49:35","modified_gmt":"2013-07-11T21:49:35","slug":"incontro-con-il-vescovo-mons-luigi-martella","status":"publish","type":"post","link":"https:\/\/www.festamaggiore.eu\/web\/2010\/10\/01\/incontro-con-il-vescovo-mons-luigi-martella\/","title":{"rendered":"Incontro con il Vescovo Mons. Luigi Martella"},"content":{"rendered":"<p><b>L\u2019incontro si \u00e8 tenuto il 7 settembre presso la Curia vescovile in Molfetta.<\/b><\/p>\n<p><i>Di Nicol\u00f2 Marino Ceci<\/i><i>\u00a0<\/i><\/p>\n<p align=\"justify\">\u00a0Che brivido poter anche solo poter rappresentare una piccola comunit\u00e0 di terlizzesi tanto affezionati alla Festa Maggiore, tanto innamorati di Terlizzi e del suo Carro, tanto devoti e al contempo ammiratori della Vergine di Sovereto. Che brivido poter disquisire delle risorse che questa festa possiede e delle potenzialit\u00e0 che potrebbero far esplodere la nostra citt\u00e0 nell\u2019entusiasmo dei suoi cittadini. L\u2019entusiasmo che discende dalla meraviglia per la scoperta genuina ed inattesa delle proprie radici primigenie e profumate.<\/p>\n<p align=\"justify\">Che emozione sar\u00e0 stata per Francesco Marzulli \u2013 Presidente dell\u2019Associazione \u201cFesta Maggiore Terlizzi\u201d poter presentare ufficialmente l\u2019Associazione che presiede al Vescovo S. E. Mons. Luigi Martella.<\/p>\n<p align=\"justify\">L\u2019incontro si \u00e8 svolto nella mattinata del 7 settembre scorso all\u2019interno della Curia Vescovile. Chiss\u00e0 cosa avr\u00e0 pensato Marzulli, varcando l\u2019uscio dell\u2019ufficio del Vescovo. Chiss\u00e0 che batticuore illustrare un progetto che altro non \u00e8 se non un corso intensivo di innamoramento della Festa pi\u00f9 bella di Terlizzi; un\u2019educazione civica alla storia del nostro paese; una cura contro la dispersione della memoria e la depressione del senso di appartenenza ad un passato comune. Un antidoto alla scomparsa delle nostre radici e dei nostri ricordi pi\u00f9 belli.<\/p>\n<p align=\"justify\">Non dev\u2019esser stato affatto facile tratteggiare un\u2019idea di Festa cos\u00ec ambiziosa e complessa al Vescovo Martella, che ha ascoltato le parole del giovane Marzulli con interesse e grande attenzione.<\/p>\n<p align=\"justify\">Il Vescovo si \u00e8 abbeverato con piacere alla fonte fresca di proposte e progetti del Presidente e ha salutato con gioia quel profluvio di tracimante intraprendenza e di dilagante voglia di fare e fare bene per Terlizzi.<\/p>\n<p align=\"justify\">Mons. Martella ha quindi dichiarato:\u201daccolgo con soddisfazione la nascita di questa nuova associazione. Il consiglio che offro \u00e8 quello di far bene il vostro lavoro, perseguendo l\u2019obiettivo di dare uno spessore ancora pi\u00f9 storico e culturale alla Festa Maggiore; ma siate ben attenti a rispettare le competenze degli enti a voi vicini. Lavorate nel segno dell\u2019armonia con le altre realt\u00e0 locali\u201d.<\/p>\n<p align=\"justify\">Marzulli ha dunque ricordato al Vescovo che una delle ragioni fondative e fondanti della nuova associazione \u00e8 quello di costruire e non distruggere; di mettere insieme persone, idee, progetti e non anzi quello di creare dissonanze nel tessuto sociale e culturale cittadino.<\/p>\n<p align=\"justify\">L\u2019archittetto terlizzese ha espresso chiaramente l\u2019esigenza di realizzare qualcosa di nuovo qui a Terlizzi: recuperare storia, testimonianze, storie di genti e di viandanti, di pittori e musicisti, di storici e di Sindaci. Storie che hanno reso grande il nostro paese, con un patrimonio identitario non pu\u00f2 che riconoscersi nella grande Festa Maggiore.<\/p>\n<p align=\"justify\">L\u2019incontro si \u00e8 concluso con una serie di omaggi al Vescovo da parte dell\u2019Associazione \u201cFesta Maggiore\u201d: una serie di scatti realizzati la sera dell\u20198 agosto 2010 \u2013 data in cui in cui \u00e8 stato inaugurato il \u201cCanovaccio della Festa Maggiore\u201d -, il pregevole libro di Don Gaetano Valente dal titolo \u201cSovereto, tra occultismo e tradizione\u201d ed infine una suggestiva gigantografia di una cartolina del 1963 ritraente il Carro trionfale.<\/p>\n<p align=\"justify\">da &#8220;Il Confronto delle Idee&#8221; &#8211; mese Settembre 2010<\/p>\n<p align=\"justify\">[gdl_gallery title=&#8221;incontro_vescovo&#8221; width=&#8221;130&#8243; height=&#8221;120&#8243;]<\/p>\n","protected":false},"excerpt":{"rendered":"<p>L\u2019incontro si \u00e8 tenuto il 7 settembre presso la Curia vescovile in Molfetta. Di Nicol\u00f2 Marino Ceci\u00a0 \u00a0Che brivido poter anche solo poter rappresentare una piccola comunit\u00e0 di terlizzesi tanto affezionati alla Festa Maggiore, tanto innamorati di Terlizzi e del suo Carro, tanto devoti e al contempo ammiratori della Vergine di Sovereto. Che brivido poter &hellip;<\/p>\n<p class=\"read-more\"> <a class=\"\" href=\"https:\/\/www.festamaggiore.eu\/web\/2010\/10\/01\/incontro-con-il-vescovo-mons-luigi-martella\/\"> <span class=\"screen-reader-text\">Incontro con il Vescovo Mons. Luigi Martella<\/span> Leggi altro &raquo;<\/a><\/p>\n","protected":false},"author":362,"featured_media":7518,"comment_status":"open","ping_status":"open","sticky":false,"template":"","format":"standard","meta":{"site-sidebar-layout":"default","site-content-layout":"default","ast-global-header-display":"","ast-main-header-display":"","ast-hfb-above-header-display":"","ast-hfb-below-header-display":"","ast-hfb-mobile-header-display":"","site-post-title":"","ast-breadcrumbs-content":"","ast-featured-img":"","footer-sml-layout":"","theme-transparent-header-meta":"","adv-header-id-meta":"","stick-header-meta":"","header-above-stick-meta":"","header-main-stick-meta":"","header-below-stick-meta":"","ngg_post_thumbnail":0},"categories":[42,71,76,75],"tags":[],"_links":{"self":[{"href":"https:\/\/www.festamaggiore.eu\/web\/wp-json\/wp\/v2\/posts\/6129"}],"collection":[{"href":"https:\/\/www.festamaggiore.eu\/web\/wp-json\/wp\/v2\/posts"}],"about":[{"href":"https:\/\/www.festamaggiore.eu\/web\/wp-json\/wp\/v2\/types\/post"}],"author":[{"embeddable":true,"href":"https:\/\/www.festamaggiore.eu\/web\/wp-json\/wp\/v2\/users\/362"}],"replies":[{"embeddable":true,"href":"https:\/\/www.festamaggiore.eu\/web\/wp-json\/wp\/v2\/comments?post=6129"}],"version-history":[{"count":6,"href":"https:\/\/www.festamaggiore.eu\/web\/wp-json\/wp\/v2\/posts\/6129\/revisions"}],"predecessor-version":[{"id":7818,"href":"https:\/\/www.festamaggiore.eu\/web\/wp-json\/wp\/v2\/posts\/6129\/revisions\/7818"}],"wp:featuredmedia":[{"embeddable":true,"href":"https:\/\/www.festamaggiore.eu\/web\/wp-json\/wp\/v2\/media\/7518"}],"wp:attachment":[{"href":"https:\/\/www.festamaggiore.eu\/web\/wp-json\/wp\/v2\/media?parent=6129"}],"wp:term":[{"taxonomy":"category","embeddable":true,"href":"https:\/\/www.festamaggiore.eu\/web\/wp-json\/wp\/v2\/categories?post=6129"},{"taxonomy":"post_tag","embeddable":true,"href":"https:\/\/www.festamaggiore.eu\/web\/wp-json\/wp\/v2\/tags?post=6129"}],"curies":[{"name":"wp","href":"https:\/\/api.w.org\/{rel}","templated":true}]}}