{"id":6138,"date":"2010-10-12T21:43:20","date_gmt":"2010-10-12T19:43:20","guid":{"rendered":"http:\/\/www.festamaggiore.eu\/web\/?p=6138"},"modified":"2013-06-30T21:44:19","modified_gmt":"2013-06-30T19:44:19","slug":"comunicato-stampa-a-d-s-u-m-artecontemporanea-2","status":"publish","type":"post","link":"https:\/\/www.festamaggiore.eu\/web\/2010\/10\/12\/comunicato-stampa-a-d-s-u-m-artecontemporanea-2\/","title":{"rendered":"Comunicato stampa \u2013 A    D     S     U     M Artecontemporanea"},"content":{"rendered":"<p>I N V I T O<\/p>\n<p>&nbsp;<\/p>\n<p>SMALL \u00a0ART<\/p>\n<p><span style=\"text-decoration: underline\"><b>IIIa Edizione Rassegna nazionale del piccolo formato<\/b><\/span><\/p>\n<p><b>galleria\u00a0<i>ADSUM<\/i>\u00a0arte contemporanea<\/b><\/p>\n<p>A cura di Luigi Dello Russo<\/p>\n<p>presso la<\/p>\n<p>A \u00a0 \u00a0D \u00a0 \u00a0 S \u00a0 \u00a0 U \u00a0 \u00a0 M<\/p>\n<hr id=\"system-readmore\" \/>\n<p>Artecontemporanea<\/p>\n<p>via Marconi, 5 (Palazzo della Meridiana) \u2013 Terlizzi(BA)<\/p>\n<p>dal 12 dicembre 2010 al 7 gennaio 2011<\/p>\n<p>orario:<\/p>\n<p><b><i>dal luned\u00ec al sabato dalle ore 10.00-12.30 \u00a018.00- 20.30 chiusura gioved\u00ec pomeriggio e festivi\u00a0cell. 347 6502478<\/i><\/b><\/p>\n<p>Espongono :<\/p>\n<p>MARIA ADDAMIANO, COSMO ALLEGRETTA, ANGIOLO BARRACCHIA, UMBERTO BASSO, MARIA BONADUCE, LOREDANA CACUCCIOLO, MIRELLA CALDARONE, NICO CICCOLELLA, MARIO COLONNA, VITO COTUGNO, ENRICO DE LEO, VITO DE LEO, PIETRO DE SCISCIOLO, MASSIMILIANO DE NICOLO, PAOLO DE NICOLO, SARA DI COSTANZO, GIULIO GIANCASPRO, PASQUALE GUASTAMACCHIA, ANGELO LAMORGESE, ROBERTO LOCONTE, CONCETTA MASCOLO, NICOLA MASTANDREA, GIOVANNI MORGESE, MARIA PANSINI, STEFANO PELLE, PASQUALE PETRUCCI, PINA PISANI, GIUSEPPE RICCARDI, ANGELO RUSSO, MARINA SANTERAMO, DOMENICO SCARONGELLA, DOMENICO SFORZA, INES TARASCIO, FRANCESCO TULLO<\/p>\n<p><span style=\"text-decoration: underline\"><b>Performance musicale di FRANCESCO DONNARUMMA<\/b><\/span><\/p>\n<p>&nbsp;<\/p>\n<p><img decoding=\"async\" alt=\"\" src=\"http:\/\/www.festamaggiore.eu\/new\/images\/stories\/adsumingresso.jpg\" border=\"0\" \/><\/p>\n<p>&nbsp;<\/p>\n<p>presso la<\/p>\n<p>&nbsp;<\/p>\n<p>A \u00a0 \u00a0D \u00a0 \u00a0 S \u00a0 \u00a0 U \u00a0 \u00a0 M<\/p>\n<p>Artecontemporanea<\/p>\n<p>&nbsp;<\/p>\n<p>UN DONO NATALIZIO : LA LIBERTA&#8217;<\/p>\n<p>&nbsp;<\/p>\n<p>C&#8217;\u00e8 un fantasma che si aggira nel mondo globale attuale: una tendenza alla omologazione delle menti, all&#8217;unificazione dei sentimenti, all&#8217; eterodirezione dei comportamenti&#8230;e se non si attua, \u00a0addosso all&#8217;individuo, all&#8217;oppositore, all&#8217;eretico o al diverso! C&#8217;\u00e8 bisogno di fare riferimenti? I nuovi stati, ricchi ed emergenti, ma privi di libert\u00e0 individuali e sociali. Le nuove generazioni? Spiate \u00a0e controllate dal web. Gli adolescenti? \u00a0Manipolati dalle mode, apparentemente trasgressive e in realt\u00e0 pilotate dai brand internazionali. Gli emigranti? O si adeguino \u00a0alla nostra cultura e civilt\u00e0 occidentale o ritornino nell&#8217;inferno di partenza.\u00a0Ma il mondo \u00e8 cambiato in parte e vuole cambiare ancora &#8230;e radicalmente! Il nostro contemporaneo \u00e8 aperto alla sorpresa e all&#8217;esperimento, che offrano nuove emozioni al sentire e nuove conoscenze alla razionalit\u00e0.\u00a0Ma almeno a Natale ci sia l&#8217;accettazione e l&#8217;affermazione \u00a0 di un valore costitutivo contemporaneo: la coesistenza delle differenze, il pluralismo delle culture, il nomadismo delle ricerche personali, l&#8217;espressione della propria individuale interiorit\u00e0.<\/p>\n<p>Ci\u00f2 \u00e8 possibile \u00a0con l&#8217;iniziativa di &#8216;SMALL ART&#8217; : piccola arte \u00a0ma sincera, autentica, personale, individuale, soggettiva..io e gli altri&#8230;insieme!<\/p>\n<p>Luigi Dello Russo<\/p>\n<p>ADSUM artecontemporanea<\/p>\n<p>Art director : MARIA BONADUCE e GIOVANNI MORGESE<\/p>\n<p>Critico e storico dell\u2019arte: LUIGI DELLO RUSSO<\/p>\n<p>Grafico design: RAFFAELE PORFILIO<\/p>\n<p>Ufficio stampa: NICOLO\u2019 MARINO CECI<\/p>\n<p>www.retearte.it \u00a0 &#8211; adsum.arte@libero.it \u00a0 Tel. 3476502478<\/p>\n<p>&nbsp;<\/p>\n<p>&nbsp;<\/p>\n<p>&nbsp;<\/p>\n<p>CON GENTILE INVITO ALLA \u00a0DIFFUSIONE E PUBBLICAZIONE<\/p>\n<p>&nbsp;<\/p>\n","protected":false},"excerpt":{"rendered":"<p>I N V I T O &nbsp; SMALL \u00a0ART IIIa Edizione Rassegna nazionale del piccolo formato galleria\u00a0ADSUM\u00a0arte contemporanea A cura di Luigi Dello Russo presso la A \u00a0 \u00a0D \u00a0 \u00a0 S \u00a0 \u00a0 U \u00a0 \u00a0 M Artecontemporanea via Marconi, 5 (Palazzo della Meridiana) \u2013 Terlizzi(BA) dal 12 dicembre 2010 al 7 gennaio 2011 &hellip;<\/p>\n<p class=\"read-more\"> <a class=\"\" href=\"https:\/\/www.festamaggiore.eu\/web\/2010\/10\/12\/comunicato-stampa-a-d-s-u-m-artecontemporanea-2\/\"> <span class=\"screen-reader-text\">Comunicato stampa \u2013 A    D     S     U     M Artecontemporanea<\/span> Leggi altro &raquo;<\/a><\/p>\n","protected":false},"author":362,"featured_media":0,"comment_status":"open","ping_status":"open","sticky":false,"template":"","format":"standard","meta":{"site-sidebar-layout":"default","site-content-layout":"default","ast-global-header-display":"","ast-main-header-display":"","ast-hfb-above-header-display":"","ast-hfb-below-header-display":"","ast-hfb-mobile-header-display":"","site-post-title":"","ast-breadcrumbs-content":"","ast-featured-img":"","footer-sml-layout":"","theme-transparent-header-meta":"","adv-header-id-meta":"","stick-header-meta":"","header-above-stick-meta":"","header-main-stick-meta":"","header-below-stick-meta":"","ngg_post_thumbnail":0},"categories":[71,2,73,64],"tags":[],"_links":{"self":[{"href":"https:\/\/www.festamaggiore.eu\/web\/wp-json\/wp\/v2\/posts\/6138"}],"collection":[{"href":"https:\/\/www.festamaggiore.eu\/web\/wp-json\/wp\/v2\/posts"}],"about":[{"href":"https:\/\/www.festamaggiore.eu\/web\/wp-json\/wp\/v2\/types\/post"}],"author":[{"embeddable":true,"href":"https:\/\/www.festamaggiore.eu\/web\/wp-json\/wp\/v2\/users\/362"}],"replies":[{"embeddable":true,"href":"https:\/\/www.festamaggiore.eu\/web\/wp-json\/wp\/v2\/comments?post=6138"}],"version-history":[{"count":0,"href":"https:\/\/www.festamaggiore.eu\/web\/wp-json\/wp\/v2\/posts\/6138\/revisions"}],"wp:attachment":[{"href":"https:\/\/www.festamaggiore.eu\/web\/wp-json\/wp\/v2\/media?parent=6138"}],"wp:term":[{"taxonomy":"category","embeddable":true,"href":"https:\/\/www.festamaggiore.eu\/web\/wp-json\/wp\/v2\/categories?post=6138"},{"taxonomy":"post_tag","embeddable":true,"href":"https:\/\/www.festamaggiore.eu\/web\/wp-json\/wp\/v2\/tags?post=6138"}],"curies":[{"name":"wp","href":"https:\/\/api.w.org\/{rel}","templated":true}]}}